{"id":4659,"date":"2023-06-27T16:31:43","date_gmt":"2023-06-27T19:31:43","guid":{"rendered":"https:\/\/comvoce.unifagoc.edu.br\/?p=4659"},"modified":"2025-09-17T12:40:04","modified_gmt":"2025-09-17T15:40:04","slug":"meu-rh-gestores","status":"publish","type":"post","link":"https:\/\/comvoce.unifagoc.edu.br\/?p=4659","title":{"rendered":"Meu RH &#8211; Gestores"},"content":{"rendered":"\n<p>No post <a rel=\"noreferrer noopener\" href=\"https:\/\/comvoce.unifagoc.edu.br\/?p=4534\" target=\"_blank\">Meu RH &#8211; Website<\/a>, n\u00f3s mostramos as funcionalidades globais do servi\u00e7o. Agora iremos mostrar as demais fun\u00e7\u00f5es do portal Meu RH com o foco nos acessos que os Gestores da institui\u00e7\u00e3o v\u00e3o ter. Assim como o post de acessos globais existe uma vers\u00e3o deste post para o aplicativo para smartphones, <a href=\"https:\/\/comvoce.unifagoc.edu.br\/?p=4635\">Aplicativo &#8220;Meu RH&#8221; &#8211; Gestor<\/a>.<\/p>\n\n\n\n<hr class=\"wp-block-separator aligncenter has-alpha-channel-opacity is-style-wide\"\/>\n\n\n\n<h3 class=\"wp-block-heading\">Apresenta\u00e7\u00e3o geral da vis\u00e3o dos Gestores<\/h3>\n\n\n\n<figure class=\"wp-block-embed is-type-video is-provider-vimeo wp-block-embed-vimeo wp-embed-aspect-16-9 wp-has-aspect-ratio\"><div class=\"wp-block-embed__wrapper\">\n<iframe loading=\"lazy\" title=\"2023-06-27 10-26-52\" src=\"https:\/\/player.vimeo.com\/video\/840491784?dnt=1&amp;app_id=122963\" width=\"800\" height=\"450\" frameborder=\"0\" allow=\"autoplay; fullscreen; picture-in-picture\"><\/iframe>\n<\/div><\/figure>\n\n\n\n<hr class=\"wp-block-separator aligncenter has-alpha-channel-opacity is-style-wide\"\/>\n\n\n\n<h3 class=\"wp-block-heading\">Gest\u00e3o de F\u00e9rias<\/h3>\n\n\n\n<figure class=\"wp-block-embed is-type-video is-provider-vimeo wp-block-embed-vimeo wp-embed-aspect-16-9 wp-has-aspect-ratio\"><div class=\"wp-block-embed__wrapper\">\n<iframe loading=\"lazy\" title=\"2023-06-27 10-41-25\" src=\"https:\/\/player.vimeo.com\/video\/840491599?dnt=1&amp;app_id=122963\" width=\"800\" height=\"450\" frameborder=\"0\" allow=\"autoplay; fullscreen; picture-in-picture\"><\/iframe>\n<\/div><\/figure>\n\n\n\n<hr class=\"wp-block-separator has-alpha-channel-opacity is-style-wide\"\/>\n\n\n\n<h3 class=\"wp-block-heading\">Gest\u00e3o de Ponto<\/h3>\n\n\n\n<figure class=\"wp-block-embed is-type-video is-provider-vimeo wp-block-embed-vimeo wp-embed-aspect-16-9 wp-has-aspect-ratio\"><div class=\"wp-block-embed__wrapper\">\n<iframe loading=\"lazy\" title=\"2023-06-27 10-53-53\" src=\"https:\/\/player.vimeo.com\/video\/840490967?dnt=1&amp;app_id=122963\" width=\"800\" height=\"450\" frameborder=\"0\" allow=\"autoplay; fullscreen; picture-in-picture\"><\/iframe>\n<\/div><\/figure>\n\n\n\n<hr class=\"wp-block-separator has-alpha-channel-opacity is-style-wide\"\/>\n\n\n\n<h3 class=\"wp-block-heading\">Gest\u00e3o de Time<\/h3>\n\n\n\n<figure class=\"wp-block-embed is-type-video is-provider-vimeo wp-block-embed-vimeo wp-embed-aspect-16-9 wp-has-aspect-ratio\"><div class=\"wp-block-embed__wrapper\">\n<iframe loading=\"lazy\" title=\"2023-06-27 11-02-04\" src=\"https:\/\/player.vimeo.com\/video\/840491717?dnt=1&amp;app_id=122963\" width=\"800\" height=\"450\" frameborder=\"0\" allow=\"autoplay; fullscreen; picture-in-picture\"><\/iframe>\n<\/div><\/figure>\n\n\n\n<hr class=\"wp-block-separator has-alpha-channel-opacity is-style-wide\"\/>\n\n\n\n<h3 class=\"wp-block-heading\">Requisi\u00e7\u00f5es e Movimenta\u00e7\u00f5es de Pessoal &#8211; Parte 1<\/h3>\n\n\n\n<p>Neste v\u00eddeo s\u00e3o explicadas as requisi\u00e7\u00f5es de desligamento, substitui\u00e7\u00e3o e altera\u00e7\u00e3o de salario, cargo e fun\u00e7\u00e3o.<\/p>\n\n\n\n<figure class=\"wp-block-embed is-type-video is-provider-vimeo wp-block-embed-vimeo wp-embed-aspect-16-9 wp-has-aspect-ratio\"><div class=\"wp-block-embed__wrapper\">\n<iframe loading=\"lazy\" title=\"Requisi\u00e7\u00f5es - Part 1 - 2023-06-27 11-53-07\" src=\"https:\/\/player.vimeo.com\/video\/840491840?dnt=1&amp;app_id=122963\" width=\"800\" height=\"450\" frameborder=\"0\" allow=\"autoplay; fullscreen; picture-in-picture\"><\/iframe>\n<\/div><\/figure>\n\n\n\n<hr class=\"wp-block-separator has-alpha-channel-opacity is-style-wide\"\/>\n\n\n\n<h3 class=\"wp-block-heading\">Requisi\u00e7\u00f5es e Movimenta\u00e7\u00f5es de Pessoal &#8211; Parte 2<\/h3>\n\n\n\n<p>Na segunda parte do treinamento sobre as requisi\u00e7\u00f5es, explico como s\u00e3o feitas as requisi\u00e7\u00f5es de aumento de quadro e de transfer\u00eancias.<\/p>\n\n\n\n<figure class=\"wp-block-embed is-type-video is-provider-vimeo wp-block-embed-vimeo wp-embed-aspect-16-9 wp-has-aspect-ratio\"><div class=\"wp-block-embed__wrapper\">\n<iframe loading=\"lazy\" title=\"Requisi\u00e7\u00f5es Part 2 - 2023-06-27 14-12-42\" src=\"https:\/\/player.vimeo.com\/video\/840491878?dnt=1&amp;app_id=122963\" width=\"800\" height=\"450\" frameborder=\"0\" allow=\"autoplay; fullscreen; picture-in-picture\"><\/iframe>\n<\/div><\/figure>\n","protected":false},"excerpt":{"rendered":"<p>No post Meu RH &#8211; Website, n\u00f3s mostramos as funcionalidades globais do servi\u00e7o. Agora iremos mostrar as demais fun\u00e7\u00f5es do portal Meu RH com o foco nos acessos que os &#8230;<\/p>\n","protected":false},"author":6,"featured_media":4557,"comment_status":"closed","ping_status":"closed","sticky":false,"template":"","format":"standard","meta":{"footnotes":""},"categories":[25,28],"tags":[34,36,32,31,37],"class_list":["post-4659","post","type-post","status-publish","format-standard","has-post-thumbnail","hentry","category-meu-rh","category-totvs","tag-espelho-de-ponto","tag-ferias","tag-meu-rh","tag-meu-rh-gestores","tag-requisicoes-de-pessoal"],"_links":{"self":[{"href":"https:\/\/comvoce.unifagoc.edu.br\/index.php?rest_route=\/wp\/v2\/posts\/4659","targetHints":{"allow":["GET"]}}],"collection":[{"href":"https:\/\/comvoce.unifagoc.edu.br\/index.php?rest_route=\/wp\/v2\/posts"}],"about":[{"href":"https:\/\/comvoce.unifagoc.edu.br\/index.php?rest_route=\/wp\/v2\/types\/post"}],"author":[{"embeddable":true,"href":"https:\/\/comvoce.unifagoc.edu.br\/index.php?rest_route=\/wp\/v2\/users\/6"}],"replies":[{"embeddable":true,"href":"https:\/\/comvoce.unifagoc.edu.br\/index.php?rest_route=%2Fwp%2Fv2%2Fcomments&post=4659"}],"version-history":[{"count":7,"href":"https:\/\/comvoce.unifagoc.edu.br\/index.php?rest_route=\/wp\/v2\/posts\/4659\/revisions"}],"predecessor-version":[{"id":5413,"href":"https:\/\/comvoce.unifagoc.edu.br\/index.php?rest_route=\/wp\/v2\/posts\/4659\/revisions\/5413"}],"wp:featuredmedia":[{"embeddable":true,"href":"https:\/\/comvoce.unifagoc.edu.br\/index.php?rest_route=\/wp\/v2\/media\/4557"}],"wp:attachment":[{"href":"https:\/\/comvoce.unifagoc.edu.br\/index.php?rest_route=%2Fwp%2Fv2%2Fmedia&parent=4659"}],"wp:term":[{"taxonomy":"category","embeddable":true,"href":"https:\/\/comvoce.unifagoc.edu.br\/index.php?rest_route=%2Fwp%2Fv2%2Fcategories&post=4659"},{"taxonomy":"post_tag","embeddable":true,"href":"https:\/\/comvoce.unifagoc.edu.br\/index.php?rest_route=%2Fwp%2Fv2%2Ftags&post=4659"}],"curies":[{"name":"wp","href":"https:\/\/api.w.org\/{rel}","templated":true}]}}